{"id":954,"date":"2021-04-04T14:41:51","date_gmt":"2021-04-04T17:41:51","guid":{"rendered":"http:\/\/stmm.org.ar\/secciones\/prensa\/?p=954"},"modified":"2021-04-04T14:41:51","modified_gmt":"2021-04-04T17:41:51","slug":"sitram-se-ilumina-de-azul-en-la-vigilia-del-dia-internacional-de-concientizacion-sobre-el-autismo","status":"publish","type":"post","link":"https:\/\/stmm.org.ar\/secciones\/prensa\/?p=954","title":{"rendered":"SITRAM se ilumina de azul en la vigilia del D\u00eda Internacional de Concientizaci\u00f3n sobre el Autismo"},"content":{"rendered":"<p style=\"padding-left: 30px;\"><em>SITRAM se ilumina de azul en la vigilia del D\u00eda Internacional de Concientizaci\u00f3n sobre el Autismo<a href=\"https:\/\/stmm.org.ar\/secciones\/prensa\/wp-content\/uploads\/2021\/04\/IMG-20210401-WA0030.jpg\"><img loading=\"lazy\" decoding=\"async\" class=\"aligncenter size-full wp-image-957\" src=\"https:\/\/stmm.org.ar\/secciones\/prensa\/wp-content\/uploads\/2021\/04\/IMG-20210401-WA0030.jpg\" alt=\"\" width=\"1280\" height=\"576\" srcset=\"https:\/\/stmm.org.ar\/secciones\/prensa\/wp-content\/uploads\/2021\/04\/IMG-20210401-WA0030.jpg 1280w, https:\/\/stmm.org.ar\/secciones\/prensa\/wp-content\/uploads\/2021\/04\/IMG-20210401-WA0030-300x135.jpg 300w, https:\/\/stmm.org.ar\/secciones\/prensa\/wp-content\/uploads\/2021\/04\/IMG-20210401-WA0030-768x346.jpg 768w, https:\/\/stmm.org.ar\/secciones\/prensa\/wp-content\/uploads\/2021\/04\/IMG-20210401-WA0030-1024x461.jpg 1024w, https:\/\/stmm.org.ar\/secciones\/prensa\/wp-content\/uploads\/2021\/04\/IMG-20210401-WA0030-624x281.jpg 624w\" sizes=\"auto, (max-width: 1280px) 100vw, 1280px\" \/><\/a><\/em><\/p>\n<p>\u201cBrilla de azul\u201d, fue la canci\u00f3n que acompa\u00f1\u00f3 la jornada en las puertas de la casa delxs trabajadorxs en SITRAM, el pasado jueves 01 deabril. Se trat\u00f3 de una vigilia organizada por Padres tgd Moreno, acompa\u00f1ada por SITRAM, y estudiantes de la Universidad de Moreno. En la espera del d\u00eda Internacional de la concientizaci\u00f3n sobre el autismo, la sede gremial anfitriona se ilumin\u00f3 de azul, en respuesta a la consigna nacional de pintar el pa\u00eds de azul en busca de visibilizar las luchas de las familias que conviven con el TGD.<\/p>\n<p>\u201cEste azul representa el pedido de las familias a las obras sociales que no cubren todos los tratamientos, es el reclamo a la no discriminaci\u00f3n, es el pedido de cumplimiento al acceso del cannabis para los tratamientos\u201d, mencion\u00f3 Pamela, representante de Padres TGD Moreno, al tomar la palabra. Adem\u00e1s agradeci\u00f3 a la Comisi\u00f3n Directiva de SITRAM por acompa\u00f1ar cada campa\u00f1a, durante todo el a\u00f1o y en esta ocasi\u00f3n por abrir las puertas de las instalaciones una vez m\u00e1s y poder realizar esta vigilia.<\/p>\n<p>El Sindicato de Trabajadorxs Municipales de Moreno, se ilumin\u00f3 de azul, y dispuso un espacio para la visibilizaci\u00f3n del TGD en uno de sus postes de luz, con un mural de la mano del artista y trabajador municipal, \u00c1ngel Paz. Adem\u00e1s recibi\u00f3 a m\u00faltiples familias que se acercaron a compartir la jornada, con los protocolos y y cuidados.<\/p>\n<p>Sin duda fue una jornada de lucha pero adem\u00e1s de homenaje y reconocimiento a las familias pero sobre todo a lxs ni\u00f1xs, quienes llenaron de sonrisas la sede gremial y compartieron el show de\u201d Los Titirifeos\u201d, quienes brindaron un espect\u00e1culo en relaci\u00f3n a la consigna e interactuaron con lxs transe\u00fantes con el objetivo de concientizar sobre el tema.<\/p>\n<p>Globos azules volaron por los cielos, como cierre del encuentro, pero como inicio del acompa\u00f1amiento de nuevas familias que se sumaron a esta red. As\u00ed la noche morenense vio volar los globos que adentro se llevaron, los sue\u00f1os, los deseos, de cada unx de lxs ni\u00f1xs presentes.<\/p>\n<p>En palabras de Marcelo Cosme Secretario General de SITRAM, resume la jornada de esta manera: \u201cSiempre son bien recibidos los padres y las madres de ni\u00f1xs con TGD, en la casa de lxs trabajadorxs, hoy SITRAM se ilumina de azul en esta fecha, pero aqu\u00ed nuestro cotidiano es y ser\u00e1 azulado, acompa\u00f1ando a estas familias y aprendiendo a construir un mundo mejor, sin discriminaci\u00f3n ni burocracias que nos alejen de los derechos. En SITRAM siempre #hablamos deautismo\u201d<\/p>\n<p><a href=\"https:\/\/stmm.org.ar\/secciones\/prensa\/wp-content\/uploads\/2021\/04\/IMG_20210401_202050891.jpg\"><img loading=\"lazy\" decoding=\"async\" class=\"aligncenter size-full wp-image-959\" src=\"https:\/\/stmm.org.ar\/secciones\/prensa\/wp-content\/uploads\/2021\/04\/IMG_20210401_202050891.jpg\" alt=\"\" width=\"4000\" height=\"3000\" srcset=\"https:\/\/stmm.org.ar\/secciones\/prensa\/wp-content\/uploads\/2021\/04\/IMG_20210401_202050891.jpg 4000w, https:\/\/stmm.org.ar\/secciones\/prensa\/wp-content\/uploads\/2021\/04\/IMG_20210401_202050891-300x225.jpg 300w, https:\/\/stmm.org.ar\/secciones\/prensa\/wp-content\/uploads\/2021\/04\/IMG_20210401_202050891-768x576.jpg 768w, https:\/\/stmm.org.ar\/secciones\/prensa\/wp-content\/uploads\/2021\/04\/IMG_20210401_202050891-1024x768.jpg 1024w, https:\/\/stmm.org.ar\/secciones\/prensa\/wp-content\/uploads\/2021\/04\/IMG_20210401_202050891-624x468.jpg 624w\" sizes=\"auto, (max-width: 4000px) 100vw, 4000px\" \/><\/a><em><del><a href=\"https:\/\/stmm.org.ar\/secciones\/prensa\/wp-content\/uploads\/2021\/04\/IMG_20210401_202649632_PORTRAIT.jpg\"><img loading=\"lazy\" decoding=\"async\" class=\"aligncenter size-full wp-image-961\" src=\"https:\/\/stmm.org.ar\/secciones\/prensa\/wp-content\/uploads\/2021\/04\/IMG_20210401_202649632_PORTRAIT.jpg\" alt=\"\" width=\"4000\" height=\"3000\" srcset=\"https:\/\/stmm.org.ar\/secciones\/prensa\/wp-content\/uploads\/2021\/04\/IMG_20210401_202649632_PORTRAIT.jpg 4000w, https:\/\/stmm.org.ar\/secciones\/prensa\/wp-content\/uploads\/2021\/04\/IMG_20210401_202649632_PORTRAIT-300x225.jpg 300w, https:\/\/stmm.org.ar\/secciones\/prensa\/wp-content\/uploads\/2021\/04\/IMG_20210401_202649632_PORTRAIT-768x576.jpg 768w, https:\/\/stmm.org.ar\/secciones\/prensa\/wp-content\/uploads\/2021\/04\/IMG_20210401_202649632_PORTRAIT-1024x768.jpg 1024w, https:\/\/stmm.org.ar\/secciones\/prensa\/wp-content\/uploads\/2021\/04\/IMG_20210401_202649632_PORTRAIT-624x468.jpg 624w\" sizes=\"auto, (max-width: 4000px) 100vw, 4000px\" \/><\/a><a href=\"https:\/\/stmm.org.ar\/secciones\/prensa\/wp-content\/uploads\/2021\/04\/IMG_20210401_202554186.jpg\"><img loading=\"lazy\" decoding=\"async\" class=\"aligncenter size-full wp-image-960\" src=\"https:\/\/stmm.org.ar\/secciones\/prensa\/wp-content\/uploads\/2021\/04\/IMG_20210401_202554186.jpg\" alt=\"\" width=\"4000\" height=\"3000\" srcset=\"https:\/\/stmm.org.ar\/secciones\/prensa\/wp-content\/uploads\/2021\/04\/IMG_20210401_202554186.jpg 4000w, https:\/\/stmm.org.ar\/secciones\/prensa\/wp-content\/uploads\/2021\/04\/IMG_20210401_202554186-300x225.jpg 300w, https:\/\/stmm.org.ar\/secciones\/prensa\/wp-content\/uploads\/2021\/04\/IMG_20210401_202554186-768x576.jpg 768w, https:\/\/stmm.org.ar\/secciones\/prensa\/wp-content\/uploads\/2021\/04\/IMG_20210401_202554186-1024x768.jpg 1024w, https:\/\/stmm.org.ar\/secciones\/prensa\/wp-content\/uploads\/2021\/04\/IMG_20210401_202554186-624x468.jpg 624w\" sizes=\"auto, (max-width: 4000px) 100vw, 4000px\" \/><\/a><\/p>\n<hr \/>\n<p><a href=\"https:\/\/stmm.org.ar\/secciones\/prensa\/wp-content\/uploads\/2021\/04\/IMG-20210404-WA0015.jpg\"><img loading=\"lazy\" decoding=\"async\" class=\"aligncenter size-full wp-image-963\" src=\"https:\/\/stmm.org.ar\/secciones\/prensa\/wp-content\/uploads\/2021\/04\/IMG-20210404-WA0015.jpg\" alt=\"\" width=\"1280\" height=\"853\" srcset=\"https:\/\/stmm.org.ar\/secciones\/prensa\/wp-content\/uploads\/2021\/04\/IMG-20210404-WA0015.jpg 1280w, https:\/\/stmm.org.ar\/secciones\/prensa\/wp-content\/uploads\/2021\/04\/IMG-20210404-WA0015-300x200.jpg 300w, https:\/\/stmm.org.ar\/secciones\/prensa\/wp-content\/uploads\/2021\/04\/IMG-20210404-WA0015-768x512.jpg 768w, https:\/\/stmm.org.ar\/secciones\/prensa\/wp-content\/uploads\/2021\/04\/IMG-20210404-WA0015-1024x682.jpg 1024w, https:\/\/stmm.org.ar\/secciones\/prensa\/wp-content\/uploads\/2021\/04\/IMG-20210404-WA0015-624x416.jpg 624w\" sizes=\"auto, (max-width: 1280px) 100vw, 1280px\" \/><\/a><a href=\"https:\/\/stmm.org.ar\/secciones\/prensa\/wp-content\/uploads\/2021\/04\/IMG-20210404-WA0012.jpg\"><img loading=\"lazy\" decoding=\"async\" class=\"aligncenter size-full wp-image-968\" src=\"https:\/\/stmm.org.ar\/secciones\/prensa\/wp-content\/uploads\/2021\/04\/IMG-20210404-WA0012.jpg\" alt=\"\" width=\"1280\" height=\"853\" srcset=\"https:\/\/stmm.org.ar\/secciones\/prensa\/wp-content\/uploads\/2021\/04\/IMG-20210404-WA0012.jpg 1280w, https:\/\/stmm.org.ar\/secciones\/prensa\/wp-content\/uploads\/2021\/04\/IMG-20210404-WA0012-300x200.jpg 300w, https:\/\/stmm.org.ar\/secciones\/prensa\/wp-content\/uploads\/2021\/04\/IMG-20210404-WA0012-768x512.jpg 768w, https:\/\/stmm.org.ar\/secciones\/prensa\/wp-content\/uploads\/2021\/04\/IMG-20210404-WA0012-1024x682.jpg 1024w, https:\/\/stmm.org.ar\/secciones\/prensa\/wp-content\/uploads\/2021\/04\/IMG-20210404-WA0012-624x416.jpg 624w\" sizes=\"auto, (max-width: 1280px) 100vw, 1280px\" \/><\/a><\/del><\/em><\/p>\n","protected":false},"excerpt":{"rendered":"<p>SITRAM se ilumina de azul en la vigilia del D\u00eda Internacional de Concientizaci\u00f3n sobre el Autismo \u201cBrilla de azul\u201d, fue la canci\u00f3n que acompa\u00f1\u00f3 la jornada en las puertas de la casa delxs trabajadorxs en SITRAM, el pasado jueves 01 deabril. Se trat\u00f3 de una vigilia organizada por Padres tgd Moreno, acompa\u00f1ada por SITRAM, y [&hellip;]<\/p>\n","protected":false},"author":2,"featured_media":0,"comment_status":"open","ping_status":"closed","sticky":false,"template":"","format":"standard","meta":{"footnotes":""},"categories":[1],"tags":[],"class_list":["post-954","post","type-post","status-publish","format-standard","hentry","category-todas"],"_links":{"self":[{"href":"https:\/\/stmm.org.ar\/secciones\/prensa\/index.php?rest_route=\/wp\/v2\/posts\/954","targetHints":{"allow":["GET"]}}],"collection":[{"href":"https:\/\/stmm.org.ar\/secciones\/prensa\/index.php?rest_route=\/wp\/v2\/posts"}],"about":[{"href":"https:\/\/stmm.org.ar\/secciones\/prensa\/index.php?rest_route=\/wp\/v2\/types\/post"}],"author":[{"embeddable":true,"href":"https:\/\/stmm.org.ar\/secciones\/prensa\/index.php?rest_route=\/wp\/v2\/users\/2"}],"replies":[{"embeddable":true,"href":"https:\/\/stmm.org.ar\/secciones\/prensa\/index.php?rest_route=%2Fwp%2Fv2%2Fcomments&post=954"}],"version-history":[{"count":1,"href":"https:\/\/stmm.org.ar\/secciones\/prensa\/index.php?rest_route=\/wp\/v2\/posts\/954\/revisions"}],"predecessor-version":[{"id":973,"href":"https:\/\/stmm.org.ar\/secciones\/prensa\/index.php?rest_route=\/wp\/v2\/posts\/954\/revisions\/973"}],"wp:attachment":[{"href":"https:\/\/stmm.org.ar\/secciones\/prensa\/index.php?rest_route=%2Fwp%2Fv2%2Fmedia&parent=954"}],"wp:term":[{"taxonomy":"category","embeddable":true,"href":"https:\/\/stmm.org.ar\/secciones\/prensa\/index.php?rest_route=%2Fwp%2Fv2%2Fcategories&post=954"},{"taxonomy":"post_tag","embeddable":true,"href":"https:\/\/stmm.org.ar\/secciones\/prensa\/index.php?rest_route=%2Fwp%2Fv2%2Ftags&post=954"}],"curies":[{"name":"wp","href":"https:\/\/api.w.org\/{rel}","templated":true}]}}