{"id":1544,"date":"2022-10-21T11:15:59","date_gmt":"2022-10-21T14:15:59","guid":{"rendered":"http:\/\/stmm.org.ar\/secciones\/prensa\/?p=1544"},"modified":"2022-10-21T11:15:59","modified_gmt":"2022-10-21T14:15:59","slug":"2a-jornada-de-estudio-y-debate-sobre-el-empleo-municipal-fesimubo","status":"publish","type":"post","link":"https:\/\/stmm.org.ar\/secciones\/prensa\/?p=1544","title":{"rendered":"2\u00aa JORNADA DE ESTUDIO Y DEBATE SOBRE EL EMPLEO MUNICIPAL. FESIMUBO"},"content":{"rendered":"<p><a href=\"https:\/\/stmm.org.ar\/secciones\/prensa\/wp-content\/uploads\/2022\/10\/IMG_2829.jpg\"><img loading=\"lazy\" decoding=\"async\" class=\"aligncenter size-full wp-image-1545\" src=\"https:\/\/stmm.org.ar\/secciones\/prensa\/wp-content\/uploads\/2022\/10\/IMG_2829.jpg\" alt=\"\" width=\"3984\" height=\"2656\" srcset=\"https:\/\/stmm.org.ar\/secciones\/prensa\/wp-content\/uploads\/2022\/10\/IMG_2829.jpg 3984w, https:\/\/stmm.org.ar\/secciones\/prensa\/wp-content\/uploads\/2022\/10\/IMG_2829-300x200.jpg 300w, https:\/\/stmm.org.ar\/secciones\/prensa\/wp-content\/uploads\/2022\/10\/IMG_2829-768x512.jpg 768w, https:\/\/stmm.org.ar\/secciones\/prensa\/wp-content\/uploads\/2022\/10\/IMG_2829-1024x683.jpg 1024w, https:\/\/stmm.org.ar\/secciones\/prensa\/wp-content\/uploads\/2022\/10\/IMG_2829-624x416.jpg 624w\" sizes=\"auto, (max-width: 3984px) 100vw, 3984px\" \/><\/a> <a href=\"https:\/\/stmm.org.ar\/secciones\/prensa\/wp-content\/uploads\/2022\/10\/IMG_2833.jpg\"><img loading=\"lazy\" decoding=\"async\" class=\"aligncenter size-full wp-image-1546\" src=\"https:\/\/stmm.org.ar\/secciones\/prensa\/wp-content\/uploads\/2022\/10\/IMG_2833.jpg\" alt=\"\" width=\"3984\" height=\"2656\" srcset=\"https:\/\/stmm.org.ar\/secciones\/prensa\/wp-content\/uploads\/2022\/10\/IMG_2833.jpg 3984w, https:\/\/stmm.org.ar\/secciones\/prensa\/wp-content\/uploads\/2022\/10\/IMG_2833-300x200.jpg 300w, https:\/\/stmm.org.ar\/secciones\/prensa\/wp-content\/uploads\/2022\/10\/IMG_2833-768x512.jpg 768w, https:\/\/stmm.org.ar\/secciones\/prensa\/wp-content\/uploads\/2022\/10\/IMG_2833-1024x683.jpg 1024w, https:\/\/stmm.org.ar\/secciones\/prensa\/wp-content\/uploads\/2022\/10\/IMG_2833-624x416.jpg 624w\" sizes=\"auto, (max-width: 3984px) 100vw, 3984px\" \/><\/a> <a href=\"https:\/\/stmm.org.ar\/secciones\/prensa\/wp-content\/uploads\/2022\/10\/IMG_2838.jpg\"><img loading=\"lazy\" decoding=\"async\" class=\"aligncenter size-full wp-image-1547\" src=\"https:\/\/stmm.org.ar\/secciones\/prensa\/wp-content\/uploads\/2022\/10\/IMG_2838.jpg\" alt=\"\" width=\"3984\" height=\"2656\" srcset=\"https:\/\/stmm.org.ar\/secciones\/prensa\/wp-content\/uploads\/2022\/10\/IMG_2838.jpg 3984w, https:\/\/stmm.org.ar\/secciones\/prensa\/wp-content\/uploads\/2022\/10\/IMG_2838-300x200.jpg 300w, https:\/\/stmm.org.ar\/secciones\/prensa\/wp-content\/uploads\/2022\/10\/IMG_2838-768x512.jpg 768w, https:\/\/stmm.org.ar\/secciones\/prensa\/wp-content\/uploads\/2022\/10\/IMG_2838-1024x683.jpg 1024w, https:\/\/stmm.org.ar\/secciones\/prensa\/wp-content\/uploads\/2022\/10\/IMG_2838-624x416.jpg 624w\" sizes=\"auto, (max-width: 3984px) 100vw, 3984px\" \/><\/a> <a href=\"https:\/\/stmm.org.ar\/secciones\/prensa\/wp-content\/uploads\/2022\/10\/IMG_2858.jpg\"><img loading=\"lazy\" decoding=\"async\" class=\"aligncenter size-full wp-image-1548\" src=\"https:\/\/stmm.org.ar\/secciones\/prensa\/wp-content\/uploads\/2022\/10\/IMG_2858.jpg\" alt=\"\" width=\"3984\" height=\"2656\" srcset=\"https:\/\/stmm.org.ar\/secciones\/prensa\/wp-content\/uploads\/2022\/10\/IMG_2858.jpg 3984w, https:\/\/stmm.org.ar\/secciones\/prensa\/wp-content\/uploads\/2022\/10\/IMG_2858-300x200.jpg 300w, https:\/\/stmm.org.ar\/secciones\/prensa\/wp-content\/uploads\/2022\/10\/IMG_2858-768x512.jpg 768w, https:\/\/stmm.org.ar\/secciones\/prensa\/wp-content\/uploads\/2022\/10\/IMG_2858-1024x683.jpg 1024w, https:\/\/stmm.org.ar\/secciones\/prensa\/wp-content\/uploads\/2022\/10\/IMG_2858-624x416.jpg 624w\" sizes=\"auto, (max-width: 3984px) 100vw, 3984px\" \/><\/a> <a href=\"https:\/\/stmm.org.ar\/secciones\/prensa\/wp-content\/uploads\/2022\/10\/IMG_2893.jpg\"><img loading=\"lazy\" decoding=\"async\" class=\"aligncenter size-full wp-image-1549\" src=\"https:\/\/stmm.org.ar\/secciones\/prensa\/wp-content\/uploads\/2022\/10\/IMG_2893.jpg\" alt=\"\" width=\"3984\" height=\"2656\" srcset=\"https:\/\/stmm.org.ar\/secciones\/prensa\/wp-content\/uploads\/2022\/10\/IMG_2893.jpg 3984w, https:\/\/stmm.org.ar\/secciones\/prensa\/wp-content\/uploads\/2022\/10\/IMG_2893-300x200.jpg 300w, https:\/\/stmm.org.ar\/secciones\/prensa\/wp-content\/uploads\/2022\/10\/IMG_2893-768x512.jpg 768w, https:\/\/stmm.org.ar\/secciones\/prensa\/wp-content\/uploads\/2022\/10\/IMG_2893-1024x683.jpg 1024w, https:\/\/stmm.org.ar\/secciones\/prensa\/wp-content\/uploads\/2022\/10\/IMG_2893-624x416.jpg 624w\" sizes=\"auto, (max-width: 3984px) 100vw, 3984px\" \/><\/a> <a href=\"https:\/\/stmm.org.ar\/secciones\/prensa\/wp-content\/uploads\/2022\/10\/IMG_2895.jpg\"><img loading=\"lazy\" decoding=\"async\" class=\"aligncenter size-full wp-image-1551\" src=\"https:\/\/stmm.org.ar\/secciones\/prensa\/wp-content\/uploads\/2022\/10\/IMG_2895.jpg\" alt=\"\" width=\"3984\" height=\"2656\" srcset=\"https:\/\/stmm.org.ar\/secciones\/prensa\/wp-content\/uploads\/2022\/10\/IMG_2895.jpg 3984w, https:\/\/stmm.org.ar\/secciones\/prensa\/wp-content\/uploads\/2022\/10\/IMG_2895-300x200.jpg 300w, https:\/\/stmm.org.ar\/secciones\/prensa\/wp-content\/uploads\/2022\/10\/IMG_2895-768x512.jpg 768w, https:\/\/stmm.org.ar\/secciones\/prensa\/wp-content\/uploads\/2022\/10\/IMG_2895-1024x683.jpg 1024w, https:\/\/stmm.org.ar\/secciones\/prensa\/wp-content\/uploads\/2022\/10\/IMG_2895-624x416.jpg 624w\" sizes=\"auto, (max-width: 3984px) 100vw, 3984px\" \/><\/a> <a href=\"https:\/\/stmm.org.ar\/secciones\/prensa\/wp-content\/uploads\/2022\/10\/IMG_2899.jpg\"><img loading=\"lazy\" decoding=\"async\" class=\"aligncenter size-full wp-image-1552\" src=\"https:\/\/stmm.org.ar\/secciones\/prensa\/wp-content\/uploads\/2022\/10\/IMG_2899.jpg\" alt=\"\" width=\"3984\" height=\"2656\" srcset=\"https:\/\/stmm.org.ar\/secciones\/prensa\/wp-content\/uploads\/2022\/10\/IMG_2899.jpg 3984w, https:\/\/stmm.org.ar\/secciones\/prensa\/wp-content\/uploads\/2022\/10\/IMG_2899-300x200.jpg 300w, https:\/\/stmm.org.ar\/secciones\/prensa\/wp-content\/uploads\/2022\/10\/IMG_2899-768x512.jpg 768w, https:\/\/stmm.org.ar\/secciones\/prensa\/wp-content\/uploads\/2022\/10\/IMG_2899-1024x683.jpg 1024w, https:\/\/stmm.org.ar\/secciones\/prensa\/wp-content\/uploads\/2022\/10\/IMG_2899-624x416.jpg 624w\" sizes=\"auto, (max-width: 3984px) 100vw, 3984px\" \/><\/a> <a href=\"https:\/\/stmm.org.ar\/secciones\/prensa\/wp-content\/uploads\/2022\/10\/IMG_2904.jpg\"><img loading=\"lazy\" decoding=\"async\" class=\"aligncenter size-full wp-image-1553\" src=\"https:\/\/stmm.org.ar\/secciones\/prensa\/wp-content\/uploads\/2022\/10\/IMG_2904.jpg\" alt=\"\" width=\"3984\" height=\"2656\" srcset=\"https:\/\/stmm.org.ar\/secciones\/prensa\/wp-content\/uploads\/2022\/10\/IMG_2904.jpg 3984w, https:\/\/stmm.org.ar\/secciones\/prensa\/wp-content\/uploads\/2022\/10\/IMG_2904-300x200.jpg 300w, https:\/\/stmm.org.ar\/secciones\/prensa\/wp-content\/uploads\/2022\/10\/IMG_2904-768x512.jpg 768w, https:\/\/stmm.org.ar\/secciones\/prensa\/wp-content\/uploads\/2022\/10\/IMG_2904-1024x683.jpg 1024w, https:\/\/stmm.org.ar\/secciones\/prensa\/wp-content\/uploads\/2022\/10\/IMG_2904-624x416.jpg 624w\" sizes=\"auto, (max-width: 3984px) 100vw, 3984px\" \/><\/a> <a href=\"https:\/\/stmm.org.ar\/secciones\/prensa\/wp-content\/uploads\/2022\/10\/IMG_2908.jpg\"><img loading=\"lazy\" decoding=\"async\" class=\"aligncenter size-full wp-image-1554\" src=\"https:\/\/stmm.org.ar\/secciones\/prensa\/wp-content\/uploads\/2022\/10\/IMG_2908.jpg\" alt=\"\" width=\"3984\" height=\"2656\" srcset=\"https:\/\/stmm.org.ar\/secciones\/prensa\/wp-content\/uploads\/2022\/10\/IMG_2908.jpg 3984w, https:\/\/stmm.org.ar\/secciones\/prensa\/wp-content\/uploads\/2022\/10\/IMG_2908-300x200.jpg 300w, https:\/\/stmm.org.ar\/secciones\/prensa\/wp-content\/uploads\/2022\/10\/IMG_2908-768x512.jpg 768w, https:\/\/stmm.org.ar\/secciones\/prensa\/wp-content\/uploads\/2022\/10\/IMG_2908-1024x683.jpg 1024w, https:\/\/stmm.org.ar\/secciones\/prensa\/wp-content\/uploads\/2022\/10\/IMG_2908-624x416.jpg 624w\" sizes=\"auto, (max-width: 3984px) 100vw, 3984px\" \/><\/a> <a href=\"https:\/\/stmm.org.ar\/secciones\/prensa\/wp-content\/uploads\/2022\/10\/IMG_2915.jpg\"><img loading=\"lazy\" decoding=\"async\" class=\"aligncenter size-full wp-image-1555\" src=\"https:\/\/stmm.org.ar\/secciones\/prensa\/wp-content\/uploads\/2022\/10\/IMG_2915.jpg\" alt=\"\" width=\"3984\" height=\"2656\" srcset=\"https:\/\/stmm.org.ar\/secciones\/prensa\/wp-content\/uploads\/2022\/10\/IMG_2915.jpg 3984w, https:\/\/stmm.org.ar\/secciones\/prensa\/wp-content\/uploads\/2022\/10\/IMG_2915-300x200.jpg 300w, https:\/\/stmm.org.ar\/secciones\/prensa\/wp-content\/uploads\/2022\/10\/IMG_2915-768x512.jpg 768w, https:\/\/stmm.org.ar\/secciones\/prensa\/wp-content\/uploads\/2022\/10\/IMG_2915-1024x683.jpg 1024w, https:\/\/stmm.org.ar\/secciones\/prensa\/wp-content\/uploads\/2022\/10\/IMG_2915-624x416.jpg 624w\" sizes=\"auto, (max-width: 3984px) 100vw, 3984px\" \/><\/a> <a href=\"https:\/\/stmm.org.ar\/secciones\/prensa\/wp-content\/uploads\/2022\/10\/IMG_2922.jpg\"><img loading=\"lazy\" decoding=\"async\" class=\"aligncenter size-full wp-image-1556\" src=\"https:\/\/stmm.org.ar\/secciones\/prensa\/wp-content\/uploads\/2022\/10\/IMG_2922.jpg\" alt=\"\" width=\"3984\" height=\"2656\" srcset=\"https:\/\/stmm.org.ar\/secciones\/prensa\/wp-content\/uploads\/2022\/10\/IMG_2922.jpg 3984w, https:\/\/stmm.org.ar\/secciones\/prensa\/wp-content\/uploads\/2022\/10\/IMG_2922-300x200.jpg 300w, https:\/\/stmm.org.ar\/secciones\/prensa\/wp-content\/uploads\/2022\/10\/IMG_2922-768x512.jpg 768w, https:\/\/stmm.org.ar\/secciones\/prensa\/wp-content\/uploads\/2022\/10\/IMG_2922-1024x683.jpg 1024w, https:\/\/stmm.org.ar\/secciones\/prensa\/wp-content\/uploads\/2022\/10\/IMG_2922-624x416.jpg 624w\" sizes=\"auto, (max-width: 3984px) 100vw, 3984px\" \/><\/a> <a href=\"https:\/\/stmm.org.ar\/secciones\/prensa\/wp-content\/uploads\/2022\/10\/IMG_2945.jpg\"><img loading=\"lazy\" decoding=\"async\" class=\"aligncenter size-full wp-image-1557\" src=\"https:\/\/stmm.org.ar\/secciones\/prensa\/wp-content\/uploads\/2022\/10\/IMG_2945.jpg\" alt=\"\" width=\"3984\" height=\"2656\" srcset=\"https:\/\/stmm.org.ar\/secciones\/prensa\/wp-content\/uploads\/2022\/10\/IMG_2945.jpg 3984w, https:\/\/stmm.org.ar\/secciones\/prensa\/wp-content\/uploads\/2022\/10\/IMG_2945-300x200.jpg 300w, https:\/\/stmm.org.ar\/secciones\/prensa\/wp-content\/uploads\/2022\/10\/IMG_2945-768x512.jpg 768w, https:\/\/stmm.org.ar\/secciones\/prensa\/wp-content\/uploads\/2022\/10\/IMG_2945-1024x683.jpg 1024w, https:\/\/stmm.org.ar\/secciones\/prensa\/wp-content\/uploads\/2022\/10\/IMG_2945-624x416.jpg 624w\" sizes=\"auto, (max-width: 3984px) 100vw, 3984px\" \/><\/a> <a href=\"https:\/\/stmm.org.ar\/secciones\/prensa\/wp-content\/uploads\/2022\/10\/IMG_2960.jpg\"><img loading=\"lazy\" decoding=\"async\" class=\"aligncenter size-full wp-image-1558\" src=\"https:\/\/stmm.org.ar\/secciones\/prensa\/wp-content\/uploads\/2022\/10\/IMG_2960.jpg\" alt=\"\" width=\"3984\" height=\"2656\" srcset=\"https:\/\/stmm.org.ar\/secciones\/prensa\/wp-content\/uploads\/2022\/10\/IMG_2960.jpg 3984w, https:\/\/stmm.org.ar\/secciones\/prensa\/wp-content\/uploads\/2022\/10\/IMG_2960-300x200.jpg 300w, https:\/\/stmm.org.ar\/secciones\/prensa\/wp-content\/uploads\/2022\/10\/IMG_2960-768x512.jpg 768w, https:\/\/stmm.org.ar\/secciones\/prensa\/wp-content\/uploads\/2022\/10\/IMG_2960-1024x683.jpg 1024w, https:\/\/stmm.org.ar\/secciones\/prensa\/wp-content\/uploads\/2022\/10\/IMG_2960-624x416.jpg 624w\" sizes=\"auto, (max-width: 3984px) 100vw, 3984px\" \/><\/a> <a href=\"https:\/\/stmm.org.ar\/secciones\/prensa\/wp-content\/uploads\/2022\/10\/IMG_2962.jpg\"><img loading=\"lazy\" decoding=\"async\" class=\"aligncenter size-full wp-image-1559\" src=\"https:\/\/stmm.org.ar\/secciones\/prensa\/wp-content\/uploads\/2022\/10\/IMG_2962.jpg\" alt=\"\" width=\"3984\" height=\"2656\" srcset=\"https:\/\/stmm.org.ar\/secciones\/prensa\/wp-content\/uploads\/2022\/10\/IMG_2962.jpg 3984w, https:\/\/stmm.org.ar\/secciones\/prensa\/wp-content\/uploads\/2022\/10\/IMG_2962-300x200.jpg 300w, https:\/\/stmm.org.ar\/secciones\/prensa\/wp-content\/uploads\/2022\/10\/IMG_2962-768x512.jpg 768w, https:\/\/stmm.org.ar\/secciones\/prensa\/wp-content\/uploads\/2022\/10\/IMG_2962-1024x683.jpg 1024w, https:\/\/stmm.org.ar\/secciones\/prensa\/wp-content\/uploads\/2022\/10\/IMG_2962-624x416.jpg 624w\" sizes=\"auto, (max-width: 3984px) 100vw, 3984px\" \/><\/a> <a href=\"https:\/\/stmm.org.ar\/secciones\/prensa\/wp-content\/uploads\/2022\/10\/IMG_2964.jpg\"><img loading=\"lazy\" decoding=\"async\" class=\"aligncenter size-full wp-image-1560\" src=\"https:\/\/stmm.org.ar\/secciones\/prensa\/wp-content\/uploads\/2022\/10\/IMG_2964.jpg\" alt=\"\" width=\"3984\" height=\"2656\" srcset=\"https:\/\/stmm.org.ar\/secciones\/prensa\/wp-content\/uploads\/2022\/10\/IMG_2964.jpg 3984w, https:\/\/stmm.org.ar\/secciones\/prensa\/wp-content\/uploads\/2022\/10\/IMG_2964-300x200.jpg 300w, https:\/\/stmm.org.ar\/secciones\/prensa\/wp-content\/uploads\/2022\/10\/IMG_2964-768x512.jpg 768w, https:\/\/stmm.org.ar\/secciones\/prensa\/wp-content\/uploads\/2022\/10\/IMG_2964-1024x683.jpg 1024w, https:\/\/stmm.org.ar\/secciones\/prensa\/wp-content\/uploads\/2022\/10\/IMG_2964-624x416.jpg 624w\" sizes=\"auto, (max-width: 3984px) 100vw, 3984px\" \/><\/a> <a href=\"https:\/\/stmm.org.ar\/secciones\/prensa\/wp-content\/uploads\/2022\/10\/IMG_2981.jpg\"><img loading=\"lazy\" decoding=\"async\" class=\"aligncenter size-full wp-image-1561\" src=\"https:\/\/stmm.org.ar\/secciones\/prensa\/wp-content\/uploads\/2022\/10\/IMG_2981.jpg\" alt=\"\" width=\"3984\" height=\"2656\" srcset=\"https:\/\/stmm.org.ar\/secciones\/prensa\/wp-content\/uploads\/2022\/10\/IMG_2981.jpg 3984w, https:\/\/stmm.org.ar\/secciones\/prensa\/wp-content\/uploads\/2022\/10\/IMG_2981-300x200.jpg 300w, https:\/\/stmm.org.ar\/secciones\/prensa\/wp-content\/uploads\/2022\/10\/IMG_2981-768x512.jpg 768w, https:\/\/stmm.org.ar\/secciones\/prensa\/wp-content\/uploads\/2022\/10\/IMG_2981-1024x683.jpg 1024w, https:\/\/stmm.org.ar\/secciones\/prensa\/wp-content\/uploads\/2022\/10\/IMG_2981-624x416.jpg 624w\" sizes=\"auto, (max-width: 3984px) 100vw, 3984px\" \/><\/a> <a href=\"https:\/\/stmm.org.ar\/secciones\/prensa\/wp-content\/uploads\/2022\/10\/IMG_2992.jpg\"><img loading=\"lazy\" decoding=\"async\" class=\"aligncenter size-full wp-image-1562\" src=\"https:\/\/stmm.org.ar\/secciones\/prensa\/wp-content\/uploads\/2022\/10\/IMG_2992.jpg\" alt=\"\" width=\"3984\" height=\"2656\" srcset=\"https:\/\/stmm.org.ar\/secciones\/prensa\/wp-content\/uploads\/2022\/10\/IMG_2992.jpg 3984w, https:\/\/stmm.org.ar\/secciones\/prensa\/wp-content\/uploads\/2022\/10\/IMG_2992-300x200.jpg 300w, https:\/\/stmm.org.ar\/secciones\/prensa\/wp-content\/uploads\/2022\/10\/IMG_2992-768x512.jpg 768w, https:\/\/stmm.org.ar\/secciones\/prensa\/wp-content\/uploads\/2022\/10\/IMG_2992-1024x683.jpg 1024w, https:\/\/stmm.org.ar\/secciones\/prensa\/wp-content\/uploads\/2022\/10\/IMG_2992-624x416.jpg 624w\" sizes=\"auto, (max-width: 3984px) 100vw, 3984px\" \/><\/a> <a href=\"https:\/\/stmm.org.ar\/secciones\/prensa\/wp-content\/uploads\/2022\/10\/IMG_2995.jpg\"><img loading=\"lazy\" decoding=\"async\" class=\"aligncenter size-full wp-image-1563\" src=\"https:\/\/stmm.org.ar\/secciones\/prensa\/wp-content\/uploads\/2022\/10\/IMG_2995.jpg\" alt=\"\" width=\"3984\" height=\"2656\" srcset=\"https:\/\/stmm.org.ar\/secciones\/prensa\/wp-content\/uploads\/2022\/10\/IMG_2995.jpg 3984w, https:\/\/stmm.org.ar\/secciones\/prensa\/wp-content\/uploads\/2022\/10\/IMG_2995-300x200.jpg 300w, https:\/\/stmm.org.ar\/secciones\/prensa\/wp-content\/uploads\/2022\/10\/IMG_2995-768x512.jpg 768w, https:\/\/stmm.org.ar\/secciones\/prensa\/wp-content\/uploads\/2022\/10\/IMG_2995-1024x683.jpg 1024w, https:\/\/stmm.org.ar\/secciones\/prensa\/wp-content\/uploads\/2022\/10\/IMG_2995-624x416.jpg 624w\" sizes=\"auto, (max-width: 3984px) 100vw, 3984px\" \/><\/a> <a href=\"https:\/\/stmm.org.ar\/secciones\/prensa\/wp-content\/uploads\/2022\/10\/IMG_2996.jpg\"><img loading=\"lazy\" decoding=\"async\" class=\"aligncenter size-full wp-image-1564\" src=\"https:\/\/stmm.org.ar\/secciones\/prensa\/wp-content\/uploads\/2022\/10\/IMG_2996.jpg\" alt=\"\" width=\"3984\" height=\"2656\" srcset=\"https:\/\/stmm.org.ar\/secciones\/prensa\/wp-content\/uploads\/2022\/10\/IMG_2996.jpg 3984w, https:\/\/stmm.org.ar\/secciones\/prensa\/wp-content\/uploads\/2022\/10\/IMG_2996-300x200.jpg 300w, https:\/\/stmm.org.ar\/secciones\/prensa\/wp-content\/uploads\/2022\/10\/IMG_2996-768x512.jpg 768w, https:\/\/stmm.org.ar\/secciones\/prensa\/wp-content\/uploads\/2022\/10\/IMG_2996-1024x683.jpg 1024w, https:\/\/stmm.org.ar\/secciones\/prensa\/wp-content\/uploads\/2022\/10\/IMG_2996-624x416.jpg 624w\" sizes=\"auto, (max-width: 3984px) 100vw, 3984px\" \/><\/a> <a href=\"https:\/\/stmm.org.ar\/secciones\/prensa\/wp-content\/uploads\/2022\/10\/IMG_3003.jpg\"><img loading=\"lazy\" decoding=\"async\" class=\"aligncenter size-full wp-image-1565\" src=\"https:\/\/stmm.org.ar\/secciones\/prensa\/wp-content\/uploads\/2022\/10\/IMG_3003.jpg\" alt=\"\" width=\"3984\" height=\"2656\" srcset=\"https:\/\/stmm.org.ar\/secciones\/prensa\/wp-content\/uploads\/2022\/10\/IMG_3003.jpg 3984w, https:\/\/stmm.org.ar\/secciones\/prensa\/wp-content\/uploads\/2022\/10\/IMG_3003-300x200.jpg 300w, https:\/\/stmm.org.ar\/secciones\/prensa\/wp-content\/uploads\/2022\/10\/IMG_3003-768x512.jpg 768w, https:\/\/stmm.org.ar\/secciones\/prensa\/wp-content\/uploads\/2022\/10\/IMG_3003-1024x683.jpg 1024w, https:\/\/stmm.org.ar\/secciones\/prensa\/wp-content\/uploads\/2022\/10\/IMG_3003-624x416.jpg 624w\" sizes=\"auto, (max-width: 3984px) 100vw, 3984px\" \/><\/a> <a href=\"https:\/\/stmm.org.ar\/secciones\/prensa\/wp-content\/uploads\/2022\/10\/IMG_3048.jpg\"><img loading=\"lazy\" decoding=\"async\" class=\"aligncenter size-full wp-image-1566\" src=\"https:\/\/stmm.org.ar\/secciones\/prensa\/wp-content\/uploads\/2022\/10\/IMG_3048.jpg\" alt=\"\" width=\"3984\" height=\"2656\" srcset=\"https:\/\/stmm.org.ar\/secciones\/prensa\/wp-content\/uploads\/2022\/10\/IMG_3048.jpg 3984w, https:\/\/stmm.org.ar\/secciones\/prensa\/wp-content\/uploads\/2022\/10\/IMG_3048-300x200.jpg 300w, https:\/\/stmm.org.ar\/secciones\/prensa\/wp-content\/uploads\/2022\/10\/IMG_3048-768x512.jpg 768w, https:\/\/stmm.org.ar\/secciones\/prensa\/wp-content\/uploads\/2022\/10\/IMG_3048-1024x683.jpg 1024w, https:\/\/stmm.org.ar\/secciones\/prensa\/wp-content\/uploads\/2022\/10\/IMG_3048-624x416.jpg 624w\" sizes=\"auto, (max-width: 3984px) 100vw, 3984px\" \/><\/a> <a href=\"https:\/\/stmm.org.ar\/secciones\/prensa\/wp-content\/uploads\/2022\/10\/IMG_3051.jpg\"><img loading=\"lazy\" decoding=\"async\" class=\"aligncenter size-full wp-image-1567\" src=\"https:\/\/stmm.org.ar\/secciones\/prensa\/wp-content\/uploads\/2022\/10\/IMG_3051.jpg\" alt=\"\" width=\"3984\" height=\"2656\" srcset=\"https:\/\/stmm.org.ar\/secciones\/prensa\/wp-content\/uploads\/2022\/10\/IMG_3051.jpg 3984w, https:\/\/stmm.org.ar\/secciones\/prensa\/wp-content\/uploads\/2022\/10\/IMG_3051-300x200.jpg 300w, https:\/\/stmm.org.ar\/secciones\/prensa\/wp-content\/uploads\/2022\/10\/IMG_3051-768x512.jpg 768w, https:\/\/stmm.org.ar\/secciones\/prensa\/wp-content\/uploads\/2022\/10\/IMG_3051-1024x683.jpg 1024w, https:\/\/stmm.org.ar\/secciones\/prensa\/wp-content\/uploads\/2022\/10\/IMG_3051-624x416.jpg 624w\" sizes=\"auto, (max-width: 3984px) 100vw, 3984px\" \/><\/a>Con orgullo y satisfacci\u00f3n sucedieron las segundas jornadas de reflexi\u00f3n y debate sobre el empleo p\u00fabico. A tempranas horas del mi\u00e9rcoles 19 de octubre arribaron representantes de sindicatos municipales de distintos puntos de la Provincia de Bs As, a la Facultad de Cs Jurid\u00edcas Sociales, Universidad Nacional de La Plata.<\/p>\n<p>Rub\u00e9n Cholo Garc\u00eda, Secretario General de FE.SI.MU.BO. El Ministro de Trabajo de la Prov de Buenos Aires, Walter Correa, y el decano de la Facultad de Cs Jur\u00eddicas y sociales de UNLP Dr. Miguel Oscar Berri, dieron la bienvenida a lxs cientxs de participantes en el hist\u00f3rico sal\u00f3n de Los Espejos.<\/p>\n<p>All\u00ed se dio apertura a la jornada atravesada por los ejes de la negociaci\u00f3n colectiva en el sector p\u00fablico, el contexto actual y la participaci\u00f3n sindical hist\u00f3rica, las condiciones laborales, la autonom\u00eda municipal entre otros. SITRAM, dijo presente y particip\u00f3 en los distintos debates que surgieron con aportes al recorrido realizado en el territorio.<\/p>\n<p>Fue una jornada de varias horas, donde se desarrollaron disertaciones profundas y enriquecedoras, tales como: La Planificaci\u00f3n Y Objetivos De La Negociaci\u00f3n Colectiva Transparencia Negocial, Condiciones De Trabajo \u00bfSolo Debe Discutirse Salarios?. \u00a0All\u00ed expusieron Lic. Hernan Doval Secretario General del Sindicato de Trabajadores Municipales de Avellaneda Secretario Acci\u00f3n Pol\u00edtica FESIMUBO &#8211; Autor de la Ley 14.656; \u00a0Sr Hugo D. Russo Secretario General de la Asociaci\u00f3n de Judicial Bonaerense \u2013AJB; Sr. Federico Recagno Secretario General de la Asociaci\u00f3n del Personal de Organismos de Control \u2013APOC Dr.; Roberto Baradel Secretario General del Sindicato Unificado de Trabajadores de la Educaci\u00f3n de Buenos Aires \u2013SUTEBA<\/p>\n<p>Por otro lado, la mesa que tuvo como t\u00f3pico el modelo sindical argentino, su Organizaci\u00f3n, Inscripci\u00f3n Gremial y Personer\u00eda Gremial, Representatividad, Ley 23.551 y los convenios de la Oit, Sector P\u00fablico all\u00ed particip\u00f3 Dra. Vanesa Raquel Siley Presidenta de la Comisi\u00f3n de Legislaci\u00f3n del Trabajo de la Honorable C\u00e1mara de Diputados de la Naci\u00f3n; Sr. Omar Plaini Senador Provincia de Buenos Aires \u2013 Presidente Comisi\u00f3n de Trabajo y Legislaci\u00f3n Social del Honorable Senado de la Provincia de Buenos Aires; Dra. Monica Rissotto Directora de Asociaciones Sindicales \u2013 DNAS \u2013 Ministerio de Trabajo, Empleo y la Seguridad Social de la Naci\u00f3n.<\/p>\n<p>Adem\u00e1s se dieron grandes debates en la mesa de la autonom\u00eda municipal: Su Alcance y l\u00edmites en la negociaci\u00f3n colectiva colaboraci\u00f3n y buena Fe Federal (Csjn). Las Leyes Federales y su observancia obligatoria en los municipios con el Dr. Vicente Atela Juez en lo Civil y Comercial nro. 2 La Plata \u2013 Ex Decano de la Facultad de Ciencias Jur\u00eddicas y Sociales de la UNLP \u2013 Profesor Derecho P\u00fablico Provincial y Municipal de la Facultad de Ciencias Jur\u00eddicas y Sociales UNLP; Dra. Maria Pelaez Asesora de Sindicatos Municipales \u2013 FESIMUBO; Dr. Pablo Cabral Profesor de Derecho Administrativo II \u2013 Facultad de Ciencias Jur\u00eddicas y Sociales \u2013 UNLP- Subdirector de la Escuela del Cuerpo de Abogados y Abogadas del Estado<\/p>\n<p>&nbsp;<\/p>\n<p>El rol de la mujer en la actividad sindical y pol\u00edtica la Negociaci\u00f3n Colectiva como m\u00e9todo y herramienta cultural para garantizar la paridad de G\u00e9nero y resolver conflictos derivados: Din\u00e1mica Y Permanencia de la voluntad negociacional, all\u00ed particip\u00f3 Sra. Susana Chazarreta Secretaria General del Sindicato de Empleados Municipales de Lan\u00fas \u2013 Secretaria Acci\u00f3n Social de la FESIMUBO Lic. Maria Jose Lacoste Secretaria Adjunta del Sindicato de Trabajadores Municipales de Coronel Suarez &#8211; Secretaria de G\u00e9nero, Igualdad de Oportunidades y Trato FESIMUBO &#8211; Secretaria de la Mujer y la Familia CTM \u2013 Consejala del Partido de Coronel Suarez Sra. Soledad Antonia Alonso Diputada Provincia de Buenos Aires \u2013 Presidenta Comisi\u00f3n de Trabajo de la C\u00e1mara de Diputados de la Provincia de Bueno Aires.<\/p>\n<p>CONFLICTOS JUDICIALES Competencia Del Fuero Contencioso Administrativo Vs. Competencia Tribunales Del Trabajo, Reclamos Individuales, Violaci\u00f3n Cct, Hacia La Laboralizaci\u00f3n del Empleo P\u00fablico Municipal. \u00bfNecesidad De Reforma Leyes Procesales? Dr. Jose Luis Bottini Asesor de Sindicatos Municipales \u2013FESIMUBO Dra. Irina Leal Profesora Adjunta de Derecho Administrativo II \u2013 Subdirectora de Cooperaci\u00f3n Internacional Facultad de Ciencias Jur\u00eddicas y Sociales \u2013 UNLP Dra. Analia El\u00edades Doctora por la Universidad Complutense de Madrid \u2013 Departamento Derecho Constitucional y Especialista en Derechos Humanos Dr. Marcelo Jos\u00e9 Schreginger Juez de C\u00e1mara Contencioso Administrativo de San Nicol\u00e1s \u2013 Especialista en Empleo P\u00fablico.<\/p>\n<p>Con el orgullo municipal m\u00e1s latente que nunca\u00a0 SITRAM contin\u00faa en capacitaci\u00f3n constante para ampliar herramientas para la lucha de la familia municipal, sobre todo en el contexto actual donde est\u00e1n vigentes las asambleas para las pr\u00f3ximas medidas de fuerza en respuesta al contexto paritario que se vive en el distrito de Moreno.<\/p>\n","protected":false},"excerpt":{"rendered":"<p>Con orgullo y satisfacci\u00f3n sucedieron las segundas jornadas de reflexi\u00f3n y debate sobre el empleo p\u00fabico. A tempranas horas del mi\u00e9rcoles 19 de octubre arribaron representantes de sindicatos municipales de distintos puntos de la Provincia de Bs As, a la Facultad de Cs Jurid\u00edcas Sociales, Universidad Nacional de La Plata. Rub\u00e9n Cholo Garc\u00eda, Secretario General [&hellip;]<\/p>\n","protected":false},"author":2,"featured_media":0,"comment_status":"open","ping_status":"closed","sticky":false,"template":"","format":"standard","meta":{"footnotes":""},"categories":[1],"tags":[],"class_list":["post-1544","post","type-post","status-publish","format-standard","hentry","category-todas"],"_links":{"self":[{"href":"https:\/\/stmm.org.ar\/secciones\/prensa\/index.php?rest_route=\/wp\/v2\/posts\/1544","targetHints":{"allow":["GET"]}}],"collection":[{"href":"https:\/\/stmm.org.ar\/secciones\/prensa\/index.php?rest_route=\/wp\/v2\/posts"}],"about":[{"href":"https:\/\/stmm.org.ar\/secciones\/prensa\/index.php?rest_route=\/wp\/v2\/types\/post"}],"author":[{"embeddable":true,"href":"https:\/\/stmm.org.ar\/secciones\/prensa\/index.php?rest_route=\/wp\/v2\/users\/2"}],"replies":[{"embeddable":true,"href":"https:\/\/stmm.org.ar\/secciones\/prensa\/index.php?rest_route=%2Fwp%2Fv2%2Fcomments&post=1544"}],"version-history":[{"count":1,"href":"https:\/\/stmm.org.ar\/secciones\/prensa\/index.php?rest_route=\/wp\/v2\/posts\/1544\/revisions"}],"predecessor-version":[{"id":1568,"href":"https:\/\/stmm.org.ar\/secciones\/prensa\/index.php?rest_route=\/wp\/v2\/posts\/1544\/revisions\/1568"}],"wp:attachment":[{"href":"https:\/\/stmm.org.ar\/secciones\/prensa\/index.php?rest_route=%2Fwp%2Fv2%2Fmedia&parent=1544"}],"wp:term":[{"taxonomy":"category","embeddable":true,"href":"https:\/\/stmm.org.ar\/secciones\/prensa\/index.php?rest_route=%2Fwp%2Fv2%2Fcategories&post=1544"},{"taxonomy":"post_tag","embeddable":true,"href":"https:\/\/stmm.org.ar\/secciones\/prensa\/index.php?rest_route=%2Fwp%2Fv2%2Ftags&post=1544"}],"curies":[{"name":"wp","href":"https:\/\/api.w.org\/{rel}","templated":true}]}}