{"id":1338,"date":"2022-03-18T14:22:08","date_gmt":"2022-03-18T17:22:08","guid":{"rendered":"http:\/\/stmm.org.ar\/secciones\/prensa\/?p=1338"},"modified":"2022-03-18T14:22:08","modified_gmt":"2022-03-18T17:22:08","slug":"encuentro-de-trabajadoras-municipales-de-la-federacion-de-sindicatos-municipales-de-la-provincia-de-buenos-aires","status":"publish","type":"post","link":"https:\/\/stmm.org.ar\/secciones\/prensa\/?p=1338","title":{"rendered":"ENCUENTRO DE TRABAJADORAS MUNICIPALES DE LA FEDERACION DE SINDICATOS MUNICIPALES DE LA PROVINCIA DE BUENOS AIRES"},"content":{"rendered":"<p>SITRAM participa de la VI jornada provincial de Mujeres trabajadoras municipales de la Federaci\u00f3n de Sindicatos Municipales en la gran ciudad de Mar del Plata, que aloj\u00f3 a cientas de compa\u00f1eras referentes de los 135 municipio de la Provincia de Buenos Aires.<br \/>\nFueron jornadas de debate, de articulaci\u00f3n, de generar lazos y de organizar una agenda de trabajo conjunta para tomar fuerza e impulso en lo que viene: Capacitaci\u00f3n en los territorios, pleno cumplimiento de la Ley Micaela, cupo laboral Trans en las municipalidades, urgente aplicaci\u00f3n e implementaci\u00f3n del convenio 190 de la OIT.<br \/>\nLas jornadas de encuentro y lucha culminaron contando la presencia del compa\u00f1ero y secretario general de la FE.SI.MU.BO, Rub\u00e9n \u2018Cholo\u2019 Garc\u00eda, quien sostuvo que \u201clos sueldos bajo el nivel de la pobreza tambi\u00e9n son violencias\u201d y continuo apelando al \u201cpleno cumplimiento de la Ley 14.656\u201d. <a href=\"https:\/\/stmm.org.ar\/secciones\/prensa\/wp-content\/uploads\/2022\/03\/6.jpg\"><img loading=\"lazy\" decoding=\"async\" class=\"aligncenter size-full wp-image-1348\" src=\"https:\/\/stmm.org.ar\/secciones\/prensa\/wp-content\/uploads\/2022\/03\/6.jpg\" alt=\"\" width=\"1205\" height=\"503\" srcset=\"https:\/\/stmm.org.ar\/secciones\/prensa\/wp-content\/uploads\/2022\/03\/6.jpg 1205w, https:\/\/stmm.org.ar\/secciones\/prensa\/wp-content\/uploads\/2022\/03\/6-300x125.jpg 300w, https:\/\/stmm.org.ar\/secciones\/prensa\/wp-content\/uploads\/2022\/03\/6-768x321.jpg 768w, https:\/\/stmm.org.ar\/secciones\/prensa\/wp-content\/uploads\/2022\/03\/6-1024x427.jpg 1024w, https:\/\/stmm.org.ar\/secciones\/prensa\/wp-content\/uploads\/2022\/03\/6-624x260.jpg 624w\" sizes=\"auto, (max-width: 1205px) 100vw, 1205px\" \/><\/a> <a href=\"https:\/\/stmm.org.ar\/secciones\/prensa\/wp-content\/uploads\/2022\/03\/7.jpg\"><img loading=\"lazy\" decoding=\"async\" class=\"aligncenter size-full wp-image-1354\" src=\"https:\/\/stmm.org.ar\/secciones\/prensa\/wp-content\/uploads\/2022\/03\/7.jpg\" alt=\"\" width=\"1123\" height=\"508\" srcset=\"https:\/\/stmm.org.ar\/secciones\/prensa\/wp-content\/uploads\/2022\/03\/7.jpg 1123w, https:\/\/stmm.org.ar\/secciones\/prensa\/wp-content\/uploads\/2022\/03\/7-300x136.jpg 300w, https:\/\/stmm.org.ar\/secciones\/prensa\/wp-content\/uploads\/2022\/03\/7-768x347.jpg 768w, https:\/\/stmm.org.ar\/secciones\/prensa\/wp-content\/uploads\/2022\/03\/7-1024x463.jpg 1024w, https:\/\/stmm.org.ar\/secciones\/prensa\/wp-content\/uploads\/2022\/03\/7-624x282.jpg 624w\" sizes=\"auto, (max-width: 1123px) 100vw, 1123px\" \/><\/a> <a href=\"https:\/\/stmm.org.ar\/secciones\/prensa\/wp-content\/uploads\/2022\/03\/3.jpg\"><img loading=\"lazy\" decoding=\"async\" class=\"aligncenter size-full wp-image-1351\" src=\"https:\/\/stmm.org.ar\/secciones\/prensa\/wp-content\/uploads\/2022\/03\/3.jpg\" alt=\"\" width=\"1133\" height=\"542\" srcset=\"https:\/\/stmm.org.ar\/secciones\/prensa\/wp-content\/uploads\/2022\/03\/3.jpg 1133w, https:\/\/stmm.org.ar\/secciones\/prensa\/wp-content\/uploads\/2022\/03\/3-300x144.jpg 300w, https:\/\/stmm.org.ar\/secciones\/prensa\/wp-content\/uploads\/2022\/03\/3-768x367.jpg 768w, https:\/\/stmm.org.ar\/secciones\/prensa\/wp-content\/uploads\/2022\/03\/3-1024x490.jpg 1024w, https:\/\/stmm.org.ar\/secciones\/prensa\/wp-content\/uploads\/2022\/03\/3-624x299.jpg 624w\" sizes=\"auto, (max-width: 1133px) 100vw, 1133px\" \/><\/a> <a href=\"https:\/\/stmm.org.ar\/secciones\/prensa\/wp-content\/uploads\/2022\/03\/2.jpeg\"><img loading=\"lazy\" decoding=\"async\" class=\"aligncenter size-full wp-image-1352\" src=\"https:\/\/stmm.org.ar\/secciones\/prensa\/wp-content\/uploads\/2022\/03\/2.jpeg\" alt=\"\" width=\"1269\" height=\"567\" srcset=\"https:\/\/stmm.org.ar\/secciones\/prensa\/wp-content\/uploads\/2022\/03\/2.jpeg 1269w, https:\/\/stmm.org.ar\/secciones\/prensa\/wp-content\/uploads\/2022\/03\/2-300x134.jpeg 300w, https:\/\/stmm.org.ar\/secciones\/prensa\/wp-content\/uploads\/2022\/03\/2-768x343.jpeg 768w, https:\/\/stmm.org.ar\/secciones\/prensa\/wp-content\/uploads\/2022\/03\/2-1024x458.jpeg 1024w, https:\/\/stmm.org.ar\/secciones\/prensa\/wp-content\/uploads\/2022\/03\/2-624x279.jpeg 624w\" sizes=\"auto, (max-width: 1269px) 100vw, 1269px\" \/><\/a> <a href=\"https:\/\/stmm.org.ar\/secciones\/prensa\/wp-content\/uploads\/2022\/03\/1.jpeg\"><img loading=\"lazy\" decoding=\"async\" class=\"aligncenter size-full wp-image-1353\" src=\"https:\/\/stmm.org.ar\/secciones\/prensa\/wp-content\/uploads\/2022\/03\/1.jpeg\" alt=\"\" width=\"1241\" height=\"565\" srcset=\"https:\/\/stmm.org.ar\/secciones\/prensa\/wp-content\/uploads\/2022\/03\/1.jpeg 1241w, https:\/\/stmm.org.ar\/secciones\/prensa\/wp-content\/uploads\/2022\/03\/1-300x137.jpeg 300w, https:\/\/stmm.org.ar\/secciones\/prensa\/wp-content\/uploads\/2022\/03\/1-768x350.jpeg 768w, https:\/\/stmm.org.ar\/secciones\/prensa\/wp-content\/uploads\/2022\/03\/1-1024x466.jpeg 1024w, https:\/\/stmm.org.ar\/secciones\/prensa\/wp-content\/uploads\/2022\/03\/1-624x284.jpeg 624w\" sizes=\"auto, (max-width: 1241px) 100vw, 1241px\" \/><\/a><\/p>\n","protected":false},"excerpt":{"rendered":"<p>SITRAM participa de la VI jornada provincial de Mujeres trabajadoras municipales de la Federaci\u00f3n de Sindicatos Municipales en la gran ciudad de Mar del Plata, que aloj\u00f3 a cientas de compa\u00f1eras referentes de los 135 municipio de la Provincia de Buenos Aires. Fueron jornadas de debate, de articulaci\u00f3n, de generar lazos y de organizar una [&hellip;]<\/p>\n","protected":false},"author":2,"featured_media":0,"comment_status":"open","ping_status":"closed","sticky":false,"template":"","format":"standard","meta":{"footnotes":""},"categories":[1],"tags":[],"class_list":["post-1338","post","type-post","status-publish","format-standard","hentry","category-todas"],"_links":{"self":[{"href":"https:\/\/stmm.org.ar\/secciones\/prensa\/index.php?rest_route=\/wp\/v2\/posts\/1338","targetHints":{"allow":["GET"]}}],"collection":[{"href":"https:\/\/stmm.org.ar\/secciones\/prensa\/index.php?rest_route=\/wp\/v2\/posts"}],"about":[{"href":"https:\/\/stmm.org.ar\/secciones\/prensa\/index.php?rest_route=\/wp\/v2\/types\/post"}],"author":[{"embeddable":true,"href":"https:\/\/stmm.org.ar\/secciones\/prensa\/index.php?rest_route=\/wp\/v2\/users\/2"}],"replies":[{"embeddable":true,"href":"https:\/\/stmm.org.ar\/secciones\/prensa\/index.php?rest_route=%2Fwp%2Fv2%2Fcomments&post=1338"}],"version-history":[{"count":1,"href":"https:\/\/stmm.org.ar\/secciones\/prensa\/index.php?rest_route=\/wp\/v2\/posts\/1338\/revisions"}],"predecessor-version":[{"id":1355,"href":"https:\/\/stmm.org.ar\/secciones\/prensa\/index.php?rest_route=\/wp\/v2\/posts\/1338\/revisions\/1355"}],"wp:attachment":[{"href":"https:\/\/stmm.org.ar\/secciones\/prensa\/index.php?rest_route=%2Fwp%2Fv2%2Fmedia&parent=1338"}],"wp:term":[{"taxonomy":"category","embeddable":true,"href":"https:\/\/stmm.org.ar\/secciones\/prensa\/index.php?rest_route=%2Fwp%2Fv2%2Fcategories&post=1338"},{"taxonomy":"post_tag","embeddable":true,"href":"https:\/\/stmm.org.ar\/secciones\/prensa\/index.php?rest_route=%2Fwp%2Fv2%2Ftags&post=1338"}],"curies":[{"name":"wp","href":"https:\/\/api.w.org\/{rel}","templated":true}]}}