{"id":1335,"date":"2022-02-18T15:47:11","date_gmt":"2022-02-18T18:47:11","guid":{"rendered":"http:\/\/stmm.org.ar\/secciones\/prensa\/?p=1335"},"modified":"2022-02-18T15:47:11","modified_gmt":"2022-02-18T18:47:11","slug":"sitram-en-todos-los-momentos-hoy-en-la-entrega-de-kits-escolares-2022","status":"publish","type":"post","link":"https:\/\/stmm.org.ar\/secciones\/prensa\/?p=1335","title":{"rendered":"SITRAM en todos los momentos, hoy en la entrega de KITS ESCOLARES 2022"},"content":{"rendered":"<p><iframe loading=\"lazy\" title=\"entrega de kits escolares 2022\" width=\"625\" height=\"352\" src=\"https:\/\/www.youtube.com\/embed\/nOsYRXQZtH4?feature=oembed\" frameborder=\"0\" allow=\"accelerometer; autoplay; clipboard-write; encrypted-media; gyroscope; picture-in-picture; web-share\" referrerpolicy=\"strict-origin-when-cross-origin\" allowfullscreen><\/iframe><\/p>\n<p>Otro a\u00f1o de gesti\u00f3n y trabajo colectivo para que cada compa\u00f1ero y compa\u00f1era de la familia de SITRAM comience las clases con \u00fatiles de calidad, mochilas, cartucheras, asignaturas personalizadas y el contagio de mucha energ\u00eda para la vuelta a clases.<\/p>\n<p>La entrega se realiza en la sede gremial durante la pr\u00f3xima semana desde las 9.30 hs, hasta las 16.30 hs. Y aquellos y aquellas que a\u00fan no presentaron la constancia de alumnx regular deber\u00e1n presentarla.<\/p>\n<p>El deseo de SITRAM de ver a lxs municipalitxs estrenando \u00fatiles escolares, llevando sus mochilas nuevas cargadas de esperanza hacia un mundo mejor, se sostiene. Esperamos a lxs compa\u00f1erxs con entusiasmo a tomarse fotograf\u00edas en el colectivo de lxs municipalitxs.<\/p>\n<p>#MarceloCosmeSecretarioGeneral<\/p>\n","protected":false},"excerpt":{"rendered":"<p>Otro a\u00f1o de gesti\u00f3n y trabajo colectivo para que cada compa\u00f1ero y compa\u00f1era de la familia de SITRAM comience las clases con \u00fatiles de calidad, mochilas, cartucheras, asignaturas personalizadas y el contagio de mucha energ\u00eda para la vuelta a clases. La entrega se realiza en la sede gremial durante la pr\u00f3xima semana desde las 9.30 [&hellip;]<\/p>\n","protected":false},"author":2,"featured_media":0,"comment_status":"open","ping_status":"closed","sticky":false,"template":"","format":"standard","meta":{"footnotes":""},"categories":[1],"tags":[],"class_list":["post-1335","post","type-post","status-publish","format-standard","hentry","category-todas"],"_links":{"self":[{"href":"https:\/\/stmm.org.ar\/secciones\/prensa\/index.php?rest_route=\/wp\/v2\/posts\/1335","targetHints":{"allow":["GET"]}}],"collection":[{"href":"https:\/\/stmm.org.ar\/secciones\/prensa\/index.php?rest_route=\/wp\/v2\/posts"}],"about":[{"href":"https:\/\/stmm.org.ar\/secciones\/prensa\/index.php?rest_route=\/wp\/v2\/types\/post"}],"author":[{"embeddable":true,"href":"https:\/\/stmm.org.ar\/secciones\/prensa\/index.php?rest_route=\/wp\/v2\/users\/2"}],"replies":[{"embeddable":true,"href":"https:\/\/stmm.org.ar\/secciones\/prensa\/index.php?rest_route=%2Fwp%2Fv2%2Fcomments&post=1335"}],"version-history":[{"count":1,"href":"https:\/\/stmm.org.ar\/secciones\/prensa\/index.php?rest_route=\/wp\/v2\/posts\/1335\/revisions"}],"predecessor-version":[{"id":1336,"href":"https:\/\/stmm.org.ar\/secciones\/prensa\/index.php?rest_route=\/wp\/v2\/posts\/1335\/revisions\/1336"}],"wp:attachment":[{"href":"https:\/\/stmm.org.ar\/secciones\/prensa\/index.php?rest_route=%2Fwp%2Fv2%2Fmedia&parent=1335"}],"wp:term":[{"taxonomy":"category","embeddable":true,"href":"https:\/\/stmm.org.ar\/secciones\/prensa\/index.php?rest_route=%2Fwp%2Fv2%2Fcategories&post=1335"},{"taxonomy":"post_tag","embeddable":true,"href":"https:\/\/stmm.org.ar\/secciones\/prensa\/index.php?rest_route=%2Fwp%2Fv2%2Ftags&post=1335"}],"curies":[{"name":"wp","href":"https:\/\/api.w.org\/{rel}","templated":true}]}}